{"id":5630,"date":"2025-02-11T18:41:35","date_gmt":"2025-02-11T17:41:35","guid":{"rendered":"https:\/\/logostyn.pl\/?p=5630"},"modified":"2025-02-11T18:41:37","modified_gmt":"2025-02-11T17:41:37","slug":"prelekcje-w-ramach-programu-wychowawczo-profilaktycznego","status":"publish","type":"post","link":"https:\/\/logostyn.pl\/index.php\/2025\/02\/11\/prelekcje-w-ramach-programu-wychowawczo-profilaktycznego\/","title":{"rendered":"PRELEKCJE W RAMACH PROGRAMU WYCHOWAWCZO-PROFILAKTYCZNEGO"},"content":{"rendered":"\n<p>W ubieg\u0142y czwartek,  6 lutego, uczniowie naszej szko\u0142y spotkali si\u0119 z przedstawicielami KPP w Gostyniu. Na zaj\u0119ciach poruszono temat bezpiecze\u0144stwa w sieci.<\/p>\n\n\n\n<p>Podczas wyk\u0142ad\u00f3w w ramach Programu wychowawczo-profilaktycznego omawiano kwestie hejtu oraz cyberprzemocy i sposoby radzenia sobie z tymi zjawiskami.<\/p>\n\n\n\n<p><\/p>\n\n\n\n<div class=\"wp-block-uagb-image uagb-block-f5b0174e wp-block-uagb-image--layout-default wp-block-uagb-image--effect-static wp-block-uagb-image--align-none\"><figure class=\"wp-block-uagb-image__figure\"><img loading=\"lazy\" decoding=\"async\" src=\"https:\/\/logostyn.pl\/wp-content\/uploads\/2025\/02\/2be92649-a5a5-4d15-9492-bc3c075bc203-1024x468.jpeg\" alt=\"\" class=\"uag-image-5633\" width=\"1024\" height=\"468\" title=\"2be92649-a5a5-4d15-9492-bc3c075bc203\" loading=\"lazy\" role=\"img\" \/><\/figure><\/div>\n\n\n\n<div class=\"wp-block-uagb-advanced-heading uagb-block-4c66b69a\"><\/div>\n\n\n\n<div class=\"wp-block-uagb-image uagb-block-2d958613 wp-block-uagb-image--layout-default wp-block-uagb-image--effect-static wp-block-uagb-image--align-none\"><figure class=\"wp-block-uagb-image__figure\"><img loading=\"lazy\" decoding=\"async\" src=\"https:\/\/logostyn.pl\/wp-content\/uploads\/2025\/02\/fa93452f-d549-4492-a302-08eb25df4fa3-1024x768.jpeg\" alt=\"\" class=\"uag-image-5631\" width=\"1024\" height=\"768\" title=\"fa93452f-d549-4492-a302-08eb25df4fa3\" loading=\"lazy\" role=\"img\" \/><\/figure><\/div>\n\n\n\n<div class=\"wp-block-uagb-advanced-heading uagb-block-54b1d3d9\"><\/div>\n\n\n\n<p><\/p>\n","protected":false},"excerpt":{"rendered":"<p>W ubieg\u0142y czwartek, 6 lutego, uczniowie naszej szko\u0142y spotkali si\u0119 z przedstawicielami KPP w Gostyniu. Na zaj\u0119ciach poruszono temat bezpiecze\u0144stwa w sieci. Podczas wyk\u0142ad\u00f3w w ramach Programu wychowawczo-profilaktycznego omawiano kwestie hejtu oraz cyberprzemocy i sposoby radzenia sobie z tymi zjawiskami.<\/p>\n","protected":false},"author":5,"featured_media":5632,"comment_status":"open","ping_status":"open","sticky":false,"template":"","format":"standard","meta":{"_uag_custom_page_level_css":"","site-sidebar-layout":"default","site-content-layout":"","ast-site-content-layout":"default","site-content-style":"default","site-sidebar-style":"default","ast-global-header-display":"","ast-banner-title-visibility":"","ast-main-header-display":"","ast-hfb-above-header-display":"","ast-hfb-below-header-display":"","ast-hfb-mobile-header-display":"","site-post-title":"","ast-breadcrumbs-content":"","ast-featured-img":"","footer-sml-layout":"","ast-disable-related-posts":"","theme-transparent-header-meta":"","adv-header-id-meta":"","stick-header-meta":"","header-above-stick-meta":"","header-main-stick-meta":"","header-below-stick-meta":"","astra-migrate-meta-layouts":"default","ast-page-background-enabled":"default","ast-page-background-meta":{"desktop":{"background-color":"var(--ast-global-color-4)","background-image":"","background-repeat":"repeat","background-position":"center center","background-size":"auto","background-attachment":"scroll","background-type":"","background-media":"","overlay-type":"","overlay-color":"","overlay-opacity":"","overlay-gradient":""},"tablet":{"background-color":"","background-image":"","background-repeat":"repeat","background-position":"center center","background-size":"auto","background-attachment":"scroll","background-type":"","background-media":"","overlay-type":"","overlay-color":"","overlay-opacity":"","overlay-gradient":""},"mobile":{"background-color":"","background-image":"","background-repeat":"repeat","background-position":"center center","background-size":"auto","background-attachment":"scroll","background-type":"","background-media":"","overlay-type":"","overlay-color":"","overlay-opacity":"","overlay-gradient":""}},"ast-content-background-meta":{"desktop":{"background-color":"var(--ast-global-color-5)","background-image":"","background-repeat":"repeat","background-position":"center center","background-size":"auto","background-attachment":"scroll","background-type":"","background-media":"","overlay-type":"","overlay-color":"","overlay-opacity":"","overlay-gradient":""},"tablet":{"background-color":"var(--ast-global-color-5)","background-image":"","background-repeat":"repeat","background-position":"center center","background-size":"auto","background-attachment":"scroll","background-type":"","background-media":"","overlay-type":"","overlay-color":"","overlay-opacity":"","overlay-gradient":""},"mobile":{"background-color":"var(--ast-global-color-5)","background-image":"","background-repeat":"repeat","background-position":"center center","background-size":"auto","background-attachment":"scroll","background-type":"","background-media":"","overlay-type":"","overlay-color":"","overlay-opacity":"","overlay-gradient":""}},"footnotes":""},"categories":[1],"tags":[],"class_list":["post-5630","post","type-post","status-publish","format-standard","has-post-thumbnail","hentry","category-uncategorized"],"uagb_featured_image_src":{"full":["https:\/\/logostyn.pl\/wp-content\/uploads\/2025\/02\/b21ba9e9-0df5-48fa-b93d-1c609dcb0856.jpeg",1500,1382,false],"thumbnail":["https:\/\/logostyn.pl\/wp-content\/uploads\/2025\/02\/b21ba9e9-0df5-48fa-b93d-1c609dcb0856-150x150.jpeg",96,96,true],"medium":["https:\/\/logostyn.pl\/wp-content\/uploads\/2025\/02\/b21ba9e9-0df5-48fa-b93d-1c609dcb0856-300x276.jpeg",300,276,true],"medium_large":["https:\/\/logostyn.pl\/wp-content\/uploads\/2025\/02\/b21ba9e9-0df5-48fa-b93d-1c609dcb0856-768x708.jpeg",768,708,true],"large":["https:\/\/logostyn.pl\/wp-content\/uploads\/2025\/02\/b21ba9e9-0df5-48fa-b93d-1c609dcb0856-1024x943.jpeg",1024,943,true],"1536x1536":["https:\/\/logostyn.pl\/wp-content\/uploads\/2025\/02\/b21ba9e9-0df5-48fa-b93d-1c609dcb0856.jpeg",1500,1382,false],"2048x2048":["https:\/\/logostyn.pl\/wp-content\/uploads\/2025\/02\/b21ba9e9-0df5-48fa-b93d-1c609dcb0856.jpeg",1500,1382,false]},"uagb_author_info":{"display_name":"Angelika Pietrowska-Szober","author_link":"https:\/\/logostyn.pl\/index.php\/author\/angelika-szober\/"},"uagb_comment_info":0,"uagb_excerpt":"W ubieg\u0142y czwartek, 6 lutego, uczniowie naszej szko\u0142y spotkali si\u0119 z przedstawicielami KPP w Gostyniu. Na zaj\u0119ciach poruszono temat bezpiecze\u0144stwa w sieci. Podczas wyk\u0142ad\u00f3w w ramach Programu wychowawczo-profilaktycznego omawiano kwestie hejtu oraz cyberprzemocy i sposoby radzenia sobie z tymi zjawiskami.","_links":{"self":[{"href":"https:\/\/logostyn.pl\/index.php\/wp-json\/wp\/v2\/posts\/5630","targetHints":{"allow":["GET"]}}],"collection":[{"href":"https:\/\/logostyn.pl\/index.php\/wp-json\/wp\/v2\/posts"}],"about":[{"href":"https:\/\/logostyn.pl\/index.php\/wp-json\/wp\/v2\/types\/post"}],"author":[{"embeddable":true,"href":"https:\/\/logostyn.pl\/index.php\/wp-json\/wp\/v2\/users\/5"}],"replies":[{"embeddable":true,"href":"https:\/\/logostyn.pl\/index.php\/wp-json\/wp\/v2\/comments?post=5630"}],"version-history":[{"count":2,"href":"https:\/\/logostyn.pl\/index.php\/wp-json\/wp\/v2\/posts\/5630\/revisions"}],"predecessor-version":[{"id":5635,"href":"https:\/\/logostyn.pl\/index.php\/wp-json\/wp\/v2\/posts\/5630\/revisions\/5635"}],"wp:featuredmedia":[{"embeddable":true,"href":"https:\/\/logostyn.pl\/index.php\/wp-json\/wp\/v2\/media\/5632"}],"wp:attachment":[{"href":"https:\/\/logostyn.pl\/index.php\/wp-json\/wp\/v2\/media?parent=5630"}],"wp:term":[{"taxonomy":"category","embeddable":true,"href":"https:\/\/logostyn.pl\/index.php\/wp-json\/wp\/v2\/categories?post=5630"},{"taxonomy":"post_tag","embeddable":true,"href":"https:\/\/logostyn.pl\/index.php\/wp-json\/wp\/v2\/tags?post=5630"}],"curies":[{"name":"wp","href":"https:\/\/api.w.org\/{rel}","templated":true}]}}