{"id":8382,"date":"2026-04-29T14:32:20","date_gmt":"2026-04-29T13:32:20","guid":{"rendered":"https:\/\/logostyn.pl\/?p=8382"},"modified":"2026-04-29T14:32:21","modified_gmt":"2026-04-29T13:32:21","slug":"mlodzi-zdrowi-swiadomi","status":"publish","type":"post","link":"https:\/\/logostyn.pl\/index.php\/2026\/04\/29\/mlodzi-zdrowi-swiadomi\/","title":{"rendered":"M\u0142odzi, zdrowi, \u015bwiadomi!"},"content":{"rendered":"\n<p><\/p>\n\n\n\n<p>W dniu 29 kwietnia 2026 roku odby\u0142a si\u0119 konferencja \u201eM\u0142odzie\u017c w \u015awiecie Nauki \u2013 VI Spotkanie M\u0142odzie\u017cy Licealnej i Student\u00f3w\u201d, obj\u0119ta honorowym patronatem JM prof. dr. hab. Zbigniewa Krasi\u0144skiego, Rektora Uniwersytetu Medycznego w Poznaniu.<\/p>\n\n\n\n<p>W wydarzeniu wzi\u0119li udzia\u0142 uczniowie lice\u00f3w og\u00f3lnokszta\u0142c\u0105cych obj\u0119tych patronatem JM Rektora UMP. Nasz\u0105 szko\u0142\u0119 reprezentowa\u0142a klasa 3b o profilu biologiczno-chemicznym. Uczniowie mieli okazj\u0119 wys\u0142ucha\u0107 wyk\u0142adu plenarnego oraz wyst\u0105pie\u0144 zaproszonych go\u015bci, kt\u00f3rzy poruszali r\u00f3\u017cnorodn\u0105 tematyk\u0119 z zakresu nauk medycznych. W trakcie sesji M\u0142odych Naukowc\u00f3w swoje wyniki bada\u0144 prezentowali r\u00f3wnie\u017c studenci Studenckich K\u00f3\u0142 Naukowych.<\/p>\n\n\n\n<p>Nasi uczniowie przygotowali prezentacj\u0119 posterow\u0105 opart\u0105 na w\u0142asnych badaniach dotycz\u0105cych profilaktyki zdrowotnej w\u015br\u00f3d gosty\u0144skich licealist\u00f3w. Praca spotka\u0142a si\u0119 z bardzo wysok\u0105 ocen\u0105 jury i zaj\u0119\u0142a I miejsce w swojej kategorii.<\/p>\n\n\n\n<p>Udzia\u0142 w konferencji by\u0142 cennym do\u015bwiadczeniem, kt\u00f3re pozwoli\u0142o uczniom poszerzy\u0107 wiedz\u0119, zdoby\u0107 nowe inspiracje oraz zaprezentowa\u0107 efekty w\u0142asnej pracy badawczej.<\/p>\n\n\n\n<p>Mamy nadziej\u0119, \u017ce wyniki przeprowadzonych bada\u0144 stan\u0105 si\u0119 elementem szkolnego programu wychowawczo-profilaktycznego i realnie przyczyni\u0105 si\u0119 do zwi\u0119kszenia \u015bwiadomo\u015bci m\u0142odych ludzi w zakresie profilaktyki zdrowotnej.<\/p>\n\n\n\n<div class=\"wp-block-uagb-image uagb-block-6c18826e wp-block-uagb-image--layout-default wp-block-uagb-image--effect-static wp-block-uagb-image--align-none\"><figure class=\"wp-block-uagb-image__figure\"><img loading=\"lazy\" decoding=\"async\" src=\"https:\/\/logostyn.pl\/wp-content\/uploads\/2026\/04\/1000003773-rotated.jpg\" alt=\"\" class=\"uag-image-8386\" width=\"3072\" height=\"4096\" title=\"1000003773\" loading=\"lazy\" role=\"img\" \/><\/figure><\/div>\n\n\n\n<div class=\"wp-block-uagb-image uagb-block-25e5bbc2 wp-block-uagb-image--layout-default wp-block-uagb-image--effect-static wp-block-uagb-image--align-none\"><figure class=\"wp-block-uagb-image__figure\"><img loading=\"lazy\" decoding=\"async\" src=\"https:\/\/logostyn.pl\/wp-content\/uploads\/2026\/04\/1000003775-rotated.jpg\" alt=\"\" class=\"uag-image-8384\" width=\"3072\" height=\"4096\" title=\"1000003775\" loading=\"lazy\" role=\"img\" \/><\/figure><\/div>\n\n\n\n<div class=\"wp-block-uagb-image uagb-block-90a887af wp-block-uagb-image--layout-default wp-block-uagb-image--effect-static wp-block-uagb-image--align-none\"><figure class=\"wp-block-uagb-image__figure\"><img loading=\"lazy\" decoding=\"async\" src=\"https:\/\/logostyn.pl\/wp-content\/uploads\/2026\/04\/675665655_2398421043996241_4812020625912971181_n.jpg\" alt=\"\" class=\"uag-image-8383\" width=\"480\" height=\"679\" title=\"675665655_2398421043996241_4812020625912971181_n\" loading=\"lazy\" role=\"img\" \/><\/figure><\/div>\n","protected":false},"excerpt":{"rendered":"<p>W dniu 29 kwietnia 2026 roku odby\u0142a si\u0119 konferencja \u201eM\u0142odzie\u017c w \u015awiecie Nauki \u2013 VI Spotkanie M\u0142odzie\u017cy Licealnej i Student\u00f3w\u201d, obj\u0119ta honorowym patronatem JM prof. dr. hab. Zbigniewa Krasi\u0144skiego, Rektora Uniwersytetu Medycznego w Poznaniu. W wydarzeniu wzi\u0119li udzia\u0142 uczniowie lice\u00f3w og\u00f3lnokszta\u0142c\u0105cych obj\u0119tych patronatem JM Rektora UMP. Nasz\u0105 szko\u0142\u0119 reprezentowa\u0142a klasa 3b o profilu biologiczno-chemicznym. Uczniowie mieli okazj\u0119 wys\u0142ucha\u0107 wyk\u0142adu plenarnego oraz wyst\u0105pie\u0144 zaproszonych go\u015bci, kt\u00f3rzy poruszali r\u00f3\u017cnorodn\u0105 tematyk\u0119 z zakresu nauk medycznych. W trakcie sesji M\u0142odych Naukowc\u00f3w swoje wyniki bada\u0144 prezentowali r\u00f3wnie\u017c studenci Studenckich K\u00f3\u0142 Naukowych. Nasi uczniowie przygotowali prezentacj\u0119 posterow\u0105 opart\u0105 na w\u0142asnych badaniach dotycz\u0105cych profilaktyki zdrowotnej w\u015br\u00f3d gosty\u0144skich licealist\u00f3w. Praca spotka\u0142a si\u0119 z bardzo wysok\u0105 ocen\u0105 jury i zaj\u0119\u0142a I miejsce w swojej kategorii. Udzia\u0142 w konferencji by\u0142 cennym do\u015bwiadczeniem, kt\u00f3re pozwoli\u0142o uczniom poszerzy\u0107 wiedz\u0119, zdoby\u0107 nowe inspiracje oraz zaprezentowa\u0107 efekty w\u0142asnej pracy badawczej. Mamy nadziej\u0119, \u017ce wyniki przeprowadzonych bada\u0144 stan\u0105 si\u0119 elementem szkolnego programu wychowawczo-profilaktycznego i realnie przyczyni\u0105 si\u0119 do zwi\u0119kszenia \u015bwiadomo\u015bci m\u0142odych ludzi w zakresie profilaktyki zdrowotnej.<\/p>\n","protected":false},"author":5,"featured_media":8387,"comment_status":"open","ping_status":"open","sticky":false,"template":"","format":"standard","meta":{"_uag_custom_page_level_css":"","site-sidebar-layout":"default","site-content-layout":"","ast-site-content-layout":"default","site-content-style":"default","site-sidebar-style":"default","ast-global-header-display":"","ast-banner-title-visibility":"","ast-main-header-display":"","ast-hfb-above-header-display":"","ast-hfb-below-header-display":"","ast-hfb-mobile-header-display":"","site-post-title":"","ast-breadcrumbs-content":"","ast-featured-img":"","footer-sml-layout":"","ast-disable-related-posts":"","theme-transparent-header-meta":"","adv-header-id-meta":"","stick-header-meta":"","header-above-stick-meta":"","header-main-stick-meta":"","header-below-stick-meta":"","astra-migrate-meta-layouts":"default","ast-page-background-enabled":"default","ast-page-background-meta":{"desktop":{"background-color":"var(--ast-global-color-4)","background-image":"","background-repeat":"repeat","background-position":"center center","background-size":"auto","background-attachment":"scroll","background-type":"","background-media":"","overlay-type":"","overlay-color":"","overlay-opacity":"","overlay-gradient":""},"tablet":{"background-color":"","background-image":"","background-repeat":"repeat","background-position":"center center","background-size":"auto","background-attachment":"scroll","background-type":"","background-media":"","overlay-type":"","overlay-color":"","overlay-opacity":"","overlay-gradient":""},"mobile":{"background-color":"","background-image":"","background-repeat":"repeat","background-position":"center center","background-size":"auto","background-attachment":"scroll","background-type":"","background-media":"","overlay-type":"","overlay-color":"","overlay-opacity":"","overlay-gradient":""}},"ast-content-background-meta":{"desktop":{"background-color":"var(--ast-global-color-5)","background-image":"","background-repeat":"repeat","background-position":"center center","background-size":"auto","background-attachment":"scroll","background-type":"","background-media":"","overlay-type":"","overlay-color":"","overlay-opacity":"","overlay-gradient":""},"tablet":{"background-color":"var(--ast-global-color-5)","background-image":"","background-repeat":"repeat","background-position":"center center","background-size":"auto","background-attachment":"scroll","background-type":"","background-media":"","overlay-type":"","overlay-color":"","overlay-opacity":"","overlay-gradient":""},"mobile":{"background-color":"var(--ast-global-color-5)","background-image":"","background-repeat":"repeat","background-position":"center center","background-size":"auto","background-attachment":"scroll","background-type":"","background-media":"","overlay-type":"","overlay-color":"","overlay-opacity":"","overlay-gradient":""}},"footnotes":""},"categories":[1],"tags":[],"class_list":["post-8382","post","type-post","status-publish","format-standard","has-post-thumbnail","hentry","category-uncategorized"],"uagb_featured_image_src":{"full":["https:\/\/logostyn.pl\/wp-content\/uploads\/2026\/04\/1000003888.jpg",1200,1600,false],"thumbnail":["https:\/\/logostyn.pl\/wp-content\/uploads\/2026\/04\/1000003888.jpg",72,96,false],"medium":["https:\/\/logostyn.pl\/wp-content\/uploads\/2026\/04\/1000003888.jpg",1200,1600,false],"medium_large":["https:\/\/logostyn.pl\/wp-content\/uploads\/2026\/04\/1000003888-768x1024.jpg",768,1024,true],"large":["https:\/\/logostyn.pl\/wp-content\/uploads\/2026\/04\/1000003888.jpg",1200,1600,false],"1536x1536":["https:\/\/logostyn.pl\/wp-content\/uploads\/2026\/04\/1000003888-1152x1536.jpg",1152,1536,true],"2048x2048":["https:\/\/logostyn.pl\/wp-content\/uploads\/2026\/04\/1000003888.jpg",1200,1600,false]},"uagb_author_info":{"display_name":"Angelika Pietrowska-Szober","author_link":"https:\/\/logostyn.pl\/index.php\/author\/angelika-szober\/"},"uagb_comment_info":0,"uagb_excerpt":"W dniu 29 kwietnia 2026 roku odby\u0142a si\u0119 konferencja \u201eM\u0142odzie\u017c w \u015awiecie Nauki \u2013 VI Spotkanie M\u0142odzie\u017cy Licealnej i Student\u00f3w\u201d, obj\u0119ta honorowym patronatem JM prof. dr. hab. Zbigniewa Krasi\u0144skiego, Rektora Uniwersytetu Medycznego w Poznaniu. W wydarzeniu wzi\u0119li udzia\u0142 uczniowie lice\u00f3w og\u00f3lnokszta\u0142c\u0105cych obj\u0119tych patronatem JM Rektora UMP. Nasz\u0105 szko\u0142\u0119 reprezentowa\u0142a klasa 3b o profilu biologiczno-chemicznym. Uczniowie&hellip;","_links":{"self":[{"href":"https:\/\/logostyn.pl\/index.php\/wp-json\/wp\/v2\/posts\/8382","targetHints":{"allow":["GET"]}}],"collection":[{"href":"https:\/\/logostyn.pl\/index.php\/wp-json\/wp\/v2\/posts"}],"about":[{"href":"https:\/\/logostyn.pl\/index.php\/wp-json\/wp\/v2\/types\/post"}],"author":[{"embeddable":true,"href":"https:\/\/logostyn.pl\/index.php\/wp-json\/wp\/v2\/users\/5"}],"replies":[{"embeddable":true,"href":"https:\/\/logostyn.pl\/index.php\/wp-json\/wp\/v2\/comments?post=8382"}],"version-history":[{"count":1,"href":"https:\/\/logostyn.pl\/index.php\/wp-json\/wp\/v2\/posts\/8382\/revisions"}],"predecessor-version":[{"id":8388,"href":"https:\/\/logostyn.pl\/index.php\/wp-json\/wp\/v2\/posts\/8382\/revisions\/8388"}],"wp:featuredmedia":[{"embeddable":true,"href":"https:\/\/logostyn.pl\/index.php\/wp-json\/wp\/v2\/media\/8387"}],"wp:attachment":[{"href":"https:\/\/logostyn.pl\/index.php\/wp-json\/wp\/v2\/media?parent=8382"}],"wp:term":[{"taxonomy":"category","embeddable":true,"href":"https:\/\/logostyn.pl\/index.php\/wp-json\/wp\/v2\/categories?post=8382"},{"taxonomy":"post_tag","embeddable":true,"href":"https:\/\/logostyn.pl\/index.php\/wp-json\/wp\/v2\/tags?post=8382"}],"curies":[{"name":"wp","href":"https:\/\/api.w.org\/{rel}","templated":true}]}}